{"id":37029,"date":"2026-07-27T11:18:23","date_gmt":"2026-07-27T11:18:23","guid":{"rendered":"https:\/\/www.janach.it\/?p=37029"},"modified":"2026-08-27T08:39:24","modified_gmt":"2026-08-27T08:39:24","slug":"janach-honored-with-the-industry-innovation-award-at-wkc-2026","status":"publish","type":"post","link":"https:\/\/www.janach.it\/it\/janach-honored-with-the-industry-innovation-award-at-wkc-2026\/","title":{"rendered":"Janach premiata con l\u2019Industry Innovation Award al WKC 2026"},"content":{"rendered":"<p><img loading=\"lazy\" decoding=\"async\" class=\"wp-image-37036 size-medium aligncenter\" src=\"https:\/\/www.janach.it\/wp-content\/uploads\/2026\/07\/WKC-articolo-300x300.png\" alt=\"\" width=\"300\" height=\"300\" srcset=\"https:\/\/www.janach.it\/wp-content\/uploads\/2026\/07\/WKC-articolo-300x300.png 300w, https:\/\/www.janach.it\/wp-content\/uploads\/2026\/07\/WKC-articolo-1024x1024.png 1024w, https:\/\/www.janach.it\/wp-content\/uploads\/2026\/07\/WKC-articolo-150x150.png 150w, https:\/\/www.janach.it\/wp-content\/uploads\/2026\/07\/WKC-articolo-768x768.png 768w, https:\/\/www.janach.it\/wp-content\/uploads\/2026\/07\/WKC-articolo-600x600.png 600w, https:\/\/www.janach.it\/wp-content\/uploads\/2026\/07\/WKC-articolo-100x100.png 100w, https:\/\/www.janach.it\/wp-content\/uploads\/2026\/07\/WKC-articolo.png 1254w\" sizes=\"auto, (max-width: 300px) 100vw, 300px\" \/><\/p>\n<p><span style=\"color: inherit; font-family: inherit;\">Siamo onorati e davvero orgogliosi di condividere un importante traguardo: <\/span><strong style=\"color: inherit; font-family: inherit;\">Janach ha ricevuto l\u2019Industry Innovation Award in occasione del terzo World Keratoconus Congress (WKC 2026)<\/strong><span style=\"color: inherit; font-family: inherit;\">, svoltosi <\/span><strong style=\"color: inherit; font-family: inherit;\">dal 16 al 18 aprile 2026<\/strong><span style=\"color: inherit; font-family: inherit;\"> presso il <\/span><strong style=\"color: inherit; font-family: inherit;\">Palazzo dei Congressi di Firenze<\/strong><span style=\"color: inherit; font-family: inherit;\">.<\/span><\/p>\n<p>Questo prestigioso riconoscimento internazionale ha celebrato l\u2019innovazione e la ricerca scientifica in oftalmologia, confermando il valore del lavoro portato avanti negli anni con dedizione, qualit\u00e0 e un autentico spirito di squadra.<\/p>\n<p>Accanto all\u2019azienda, anche il nostro Managing Director, <strong>Antonello Spinnato<\/strong>, \u00e8 stato premiato per la leadership e la visione con cui ha guidato la crescita di Janach \u2014 sempre con passione e impegno costante.<\/p>\n<p>Un ringraziamento speciale al <strong>Prof. Cosimo Mazzotta<\/strong> e al <strong>Dr. Marco Zagari<\/strong>.<\/p>\n<p>Per noi, questo premio \u00e8 molto pi\u00f9 di un traguardo: \u00e8 una fonte di ispirazione che ci spinge a continuare a innovare, crescere e guardare al futuro con entusiasmo.<\/p>\n","protected":false},"excerpt":{"rendered":"<p>Siamo onorati e davvero orgogliosi di condividere un importante traguardo: Janach ha ricevuto l\u2019Industry Innovation Award in occasione del terzo World Keratoconus Congress (WKC 2026), svoltosi dal 16 al 18 aprile 2026 presso il Palazzo dei Congressi di Firenze. Questo prestigioso riconoscimento internazionale ha celebrato l\u2019innovazione e la ricerca scientifica in oftalmologia, confermando il valore [&hellip;]<\/p>\n","protected":false},"author":3430,"featured_media":37037,"comment_status":"open","ping_status":"open","sticky":false,"template":"single-templates\/single-sidebar-none.php","format":"standard","meta":{"footnotes":""},"categories":[2406],"tags":[2413],"class_list":["post-37029","post","type-post","status-publish","format-standard","has-post-thumbnail","hentry","category-events","tag-it"],"yoast_head":"<!-- This site is optimized with the Yoast SEO plugin v28.4 - https:\/\/yoast.com\/product\/yoast-seo-wordpress\/ -->\n<title>Janach premiata con l\u2019Industry Innovation Award al WKC 2026<\/title>\n<meta name=\"robots\" content=\"index, follow, max-snippet:-1, max-image-preview:large, max-video-preview:-1\" \/>\n<link rel=\"canonical\" href=\"https:\/\/www.janach.it\/it\/janach-honored-with-the-industry-innovation-award-at-wkc-2026\/\" \/>\n<meta property=\"og:locale\" content=\"it_IT\" \/>\n<meta property=\"og:locale:alternate\" content=\"en_GB\" \/>\n<meta property=\"og:type\" content=\"article\" \/>\n<meta property=\"og:title\" content=\"Janach premiata con l\u2019Industry Innovation Award al WKC 2026\" \/>\n<meta property=\"og:description\" content=\"Siamo onorati e davvero orgogliosi di condividere un importante traguardo: Janach ha ricevuto l\u2019Industry Innovation Award in occasione del terzo World Keratoconus Congress (WKC 2026), svoltosi dal 16 al 18 aprile 2026 presso il Palazzo dei Congressi di Firenze. Questo prestigioso riconoscimento internazionale ha celebrato l\u2019innovazione e la ricerca scientifica in oftalmologia, confermando il valore [&hellip;]\" \/>\n<meta property=\"og:url\" content=\"https:\/\/www.janach.it\/it\/janach-honored-with-the-industry-innovation-award-at-wkc-2026\/\" \/>\n<meta property=\"og:site_name\" content=\"Janach\" \/>\n<meta property=\"article:published_time\" content=\"2026-07-27T11:18:23+00:00\" \/>\n<meta property=\"article:modified_time\" content=\"2026-08-27T08:39:24+00:00\" \/>\n<meta property=\"og:image\" content=\"https:\/\/www.janach.it\/wp-content\/uploads\/2026\/07\/Slider-sito-WKC-1379-x-621-px.png\" \/>\n\t<meta property=\"og:image:width\" content=\"1379\" \/>\n\t<meta property=\"og:image:height\" content=\"621\" \/>\n\t<meta property=\"og:image:type\" content=\"image\/png\" \/>\n<meta name=\"twitter:card\" content=\"summary_large_image\" \/>\n<meta name=\"twitter:label1\" content=\"Scritto da\" \/>\n\t<meta name=\"twitter:data1\" content=\"\" \/>\n\t<meta name=\"twitter:label2\" content=\"Tempo di lettura stimato\" \/>\n\t<meta name=\"twitter:data2\" content=\"2 minuti\" \/>\n<script type=\"application\/ld+json\" class=\"yoast-schema-graph\">{\"@context\":\"https:\\\/\\\/schema.org\",\"@graph\":[{\"@type\":\"Article\",\"@id\":\"https:\\\/\\\/www.janach.it\\\/it\\\/janach-honored-with-the-industry-innovation-award-at-wkc-2026\\\/#article\",\"isPartOf\":{\"@id\":\"https:\\\/\\\/www.janach.it\\\/it\\\/janach-honored-with-the-industry-innovation-award-at-wkc-2026\\\/\"},\"author\":{\"name\":\"\",\"@id\":\"https:\\\/\\\/www.janach.it\\\/#\\\/schema\\\/person\\\/dc72ad89cf68e266bf196067b36baff5\"},\"headline\":\"Janach premiata con l\u2019Industry Innovation Award al WKC 2026\",\"datePublished\":\"2026-07-27T11:18:23+00:00\",\"dateModified\":\"2026-08-27T08:39:24+00:00\",\"mainEntityOfPage\":{\"@id\":\"https:\\\/\\\/www.janach.it\\\/it\\\/janach-honored-with-the-industry-innovation-award-at-wkc-2026\\\/\"},\"wordCount\":299,\"commentCount\":0,\"image\":{\"@id\":\"https:\\\/\\\/www.janach.it\\\/it\\\/janach-honored-with-the-industry-innovation-award-at-wkc-2026\\\/#primaryimage\"},\"thumbnailUrl\":\"https:\\\/\\\/www.janach.it\\\/wp-content\\\/uploads\\\/2026\\\/07\\\/Slider-sito-WKC-1379-x-621-px.png\",\"keywords\":[\"IT\"],\"articleSection\":[\"Events\"],\"inLanguage\":\"it-IT\",\"potentialAction\":[{\"@type\":\"CommentAction\",\"name\":\"Comment\",\"target\":[\"https:\\\/\\\/www.janach.it\\\/it\\\/janach-honored-with-the-industry-innovation-award-at-wkc-2026\\\/#respond\"]}]},{\"@type\":\"WebPage\",\"@id\":\"https:\\\/\\\/www.janach.it\\\/it\\\/janach-honored-with-the-industry-innovation-award-at-wkc-2026\\\/\",\"url\":\"https:\\\/\\\/www.janach.it\\\/it\\\/janach-honored-with-the-industry-innovation-award-at-wkc-2026\\\/\",\"name\":\"Janach premiata con l\u2019Industry Innovation Award al WKC 2026\",\"isPartOf\":{\"@id\":\"https:\\\/\\\/www.janach.it\\\/#website\"},\"primaryImageOfPage\":{\"@id\":\"https:\\\/\\\/www.janach.it\\\/it\\\/janach-honored-with-the-industry-innovation-award-at-wkc-2026\\\/#primaryimage\"},\"image\":{\"@id\":\"https:\\\/\\\/www.janach.it\\\/it\\\/janach-honored-with-the-industry-innovation-award-at-wkc-2026\\\/#primaryimage\"},\"thumbnailUrl\":\"https:\\\/\\\/www.janach.it\\\/wp-content\\\/uploads\\\/2026\\\/07\\\/Slider-sito-WKC-1379-x-621-px.png\",\"datePublished\":\"2026-07-27T11:18:23+00:00\",\"dateModified\":\"2026-08-27T08:39:24+00:00\",\"author\":{\"@id\":\"https:\\\/\\\/www.janach.it\\\/#\\\/schema\\\/person\\\/dc72ad89cf68e266bf196067b36baff5\"},\"breadcrumb\":{\"@id\":\"https:\\\/\\\/www.janach.it\\\/it\\\/janach-honored-with-the-industry-innovation-award-at-wkc-2026\\\/#breadcrumb\"},\"inLanguage\":\"it-IT\",\"potentialAction\":[{\"@type\":\"ReadAction\",\"target\":[\"https:\\\/\\\/www.janach.it\\\/it\\\/janach-honored-with-the-industry-innovation-award-at-wkc-2026\\\/\"]}]},{\"@type\":\"ImageObject\",\"inLanguage\":\"it-IT\",\"@id\":\"https:\\\/\\\/www.janach.it\\\/it\\\/janach-honored-with-the-industry-innovation-award-at-wkc-2026\\\/#primaryimage\",\"url\":\"https:\\\/\\\/www.janach.it\\\/wp-content\\\/uploads\\\/2026\\\/07\\\/Slider-sito-WKC-1379-x-621-px.png\",\"contentUrl\":\"https:\\\/\\\/www.janach.it\\\/wp-content\\\/uploads\\\/2026\\\/07\\\/Slider-sito-WKC-1379-x-621-px.png\",\"width\":1379,\"height\":621},{\"@type\":\"BreadcrumbList\",\"@id\":\"https:\\\/\\\/www.janach.it\\\/it\\\/janach-honored-with-the-industry-innovation-award-at-wkc-2026\\\/#breadcrumb\",\"itemListElement\":[{\"@type\":\"ListItem\",\"position\":1,\"name\":\"Home\",\"item\":\"https:\\\/\\\/www.janach.it\\\/it\\\/\"},{\"@type\":\"ListItem\",\"position\":2,\"name\":\"Janach premiata con l\u2019Industry Innovation Award al WKC 2026\"}]},{\"@type\":\"WebSite\",\"@id\":\"https:\\\/\\\/www.janach.it\\\/#website\",\"url\":\"https:\\\/\\\/www.janach.it\\\/\",\"name\":\"Janach\",\"description\":\"\",\"potentialAction\":[{\"@type\":\"SearchAction\",\"target\":{\"@type\":\"EntryPoint\",\"urlTemplate\":\"https:\\\/\\\/www.janach.it\\\/?s={search_term_string}\"},\"query-input\":{\"@type\":\"PropertyValueSpecification\",\"valueRequired\":true,\"valueName\":\"search_term_string\"}}],\"inLanguage\":\"it-IT\"},{\"@type\":\"Person\",\"@id\":\"https:\\\/\\\/www.janach.it\\\/#\\\/schema\\\/person\\\/dc72ad89cf68e266bf196067b36baff5\",\"name\":\"\",\"image\":{\"@type\":\"ImageObject\",\"inLanguage\":\"it-IT\",\"@id\":\"https:\\\/\\\/secure.gravatar.com\\\/avatar\\\/4de533a217f0cf531336b286af1b19f20e42c8f89e711f08cb6b5cee81193f29?s=96&d=mm&r=g\",\"url\":\"https:\\\/\\\/secure.gravatar.com\\\/avatar\\\/4de533a217f0cf531336b286af1b19f20e42c8f89e711f08cb6b5cee81193f29?s=96&d=mm&r=g\",\"contentUrl\":\"https:\\\/\\\/secure.gravatar.com\\\/avatar\\\/4de533a217f0cf531336b286af1b19f20e42c8f89e711f08cb6b5cee81193f29?s=96&d=mm&r=g\"},\"url\":\"https:\\\/\\\/www.janach.it\\\/it\\\/author\\\/marketingjanach-it\\\/\"}]}<\/script>\n<!-- \/ Yoast SEO plugin. -->","yoast_head_json":{"title":"Janach premiata con l\u2019Industry Innovation Award al WKC 2026","robots":{"index":"index","follow":"follow","max-snippet":"max-snippet:-1","max-image-preview":"max-image-preview:large","max-video-preview":"max-video-preview:-1"},"canonical":"https:\/\/www.janach.it\/it\/janach-honored-with-the-industry-innovation-award-at-wkc-2026\/","og_locale":"it_IT","og_type":"article","og_title":"[:en]Janach honored with the Industry Innovation Award at WKC 2026[:it]Janach premiata con l\u2019Industry Innovation Award al WKC 2026[:] - Janach","og_description":"Siamo onorati e davvero orgogliosi di condividere un importante traguardo: Janach ha ricevuto l\u2019Industry Innovation Award in occasione del terzo World Keratoconus Congress (WKC 2026), svoltosi dal 16 al 18 aprile 2026 presso il Palazzo dei Congressi di Firenze. Questo prestigioso riconoscimento internazionale ha celebrato l\u2019innovazione e la ricerca scientifica in oftalmologia, confermando il valore [&hellip;]","og_url":"https:\/\/www.janach.it\/it\/janach-honored-with-the-industry-innovation-award-at-wkc-2026\/","og_site_name":"Janach","article_published_time":"2026-07-27T11:18:23+00:00","article_modified_time":"2026-08-27T08:39:24+00:00","og_image":[{"width":1379,"height":621,"url":"https:\/\/www.janach.it\/wp-content\/uploads\/2026\/07\/Slider-sito-WKC-1379-x-621-px.png","type":"image\/png"}],"twitter_card":"summary_large_image","twitter_misc":{"Scritto da":"","Tempo di lettura stimato":"2 minuti"},"schema":{"@context":"https:\/\/schema.org","@graph":[{"@type":"Article","@id":"https:\/\/www.janach.it\/it\/janach-honored-with-the-industry-innovation-award-at-wkc-2026\/#article","isPartOf":{"@id":"https:\/\/www.janach.it\/it\/janach-honored-with-the-industry-innovation-award-at-wkc-2026\/"},"author":{"name":"","@id":"https:\/\/www.janach.it\/#\/schema\/person\/dc72ad89cf68e266bf196067b36baff5"},"headline":"Janach premiata con l\u2019Industry Innovation Award al WKC 2026","datePublished":"2026-07-27T11:18:23+00:00","dateModified":"2026-08-27T08:39:24+00:00","mainEntityOfPage":{"@id":"https:\/\/www.janach.it\/it\/janach-honored-with-the-industry-innovation-award-at-wkc-2026\/"},"wordCount":299,"commentCount":0,"image":{"@id":"https:\/\/www.janach.it\/it\/janach-honored-with-the-industry-innovation-award-at-wkc-2026\/#primaryimage"},"thumbnailUrl":"https:\/\/www.janach.it\/wp-content\/uploads\/2026\/07\/Slider-sito-WKC-1379-x-621-px.png","keywords":["IT"],"articleSection":["Events"],"inLanguage":"it-IT","potentialAction":[{"@type":"CommentAction","name":"Comment","target":["https:\/\/www.janach.it\/it\/janach-honored-with-the-industry-innovation-award-at-wkc-2026\/#respond"]}]},{"@type":"WebPage","@id":"https:\/\/www.janach.it\/it\/janach-honored-with-the-industry-innovation-award-at-wkc-2026\/","url":"https:\/\/www.janach.it\/it\/janach-honored-with-the-industry-innovation-award-at-wkc-2026\/","name":"Janach premiata con l\u2019Industry Innovation Award al WKC 2026","isPartOf":{"@id":"https:\/\/www.janach.it\/#website"},"primaryImageOfPage":{"@id":"https:\/\/www.janach.it\/it\/janach-honored-with-the-industry-innovation-award-at-wkc-2026\/#primaryimage"},"image":{"@id":"https:\/\/www.janach.it\/it\/janach-honored-with-the-industry-innovation-award-at-wkc-2026\/#primaryimage"},"thumbnailUrl":"https:\/\/www.janach.it\/wp-content\/uploads\/2026\/07\/Slider-sito-WKC-1379-x-621-px.png","datePublished":"2026-07-27T11:18:23+00:00","dateModified":"2026-08-27T08:39:24+00:00","author":{"@id":"https:\/\/www.janach.it\/#\/schema\/person\/dc72ad89cf68e266bf196067b36baff5"},"breadcrumb":{"@id":"https:\/\/www.janach.it\/it\/janach-honored-with-the-industry-innovation-award-at-wkc-2026\/#breadcrumb"},"inLanguage":"it-IT","potentialAction":[{"@type":"ReadAction","target":["https:\/\/www.janach.it\/it\/janach-honored-with-the-industry-innovation-award-at-wkc-2026\/"]}]},{"@type":"ImageObject","inLanguage":"it-IT","@id":"https:\/\/www.janach.it\/it\/janach-honored-with-the-industry-innovation-award-at-wkc-2026\/#primaryimage","url":"https:\/\/www.janach.it\/wp-content\/uploads\/2026\/07\/Slider-sito-WKC-1379-x-621-px.png","contentUrl":"https:\/\/www.janach.it\/wp-content\/uploads\/2026\/07\/Slider-sito-WKC-1379-x-621-px.png","width":1379,"height":621},{"@type":"BreadcrumbList","@id":"https:\/\/www.janach.it\/it\/janach-honored-with-the-industry-innovation-award-at-wkc-2026\/#breadcrumb","itemListElement":[{"@type":"ListItem","position":1,"name":"Home","item":"https:\/\/www.janach.it\/it\/"},{"@type":"ListItem","position":2,"name":"Janach premiata con l\u2019Industry Innovation Award al WKC 2026"}]},{"@type":"WebSite","@id":"https:\/\/www.janach.it\/#website","url":"https:\/\/www.janach.it\/","name":"Janach","description":"","potentialAction":[{"@type":"SearchAction","target":{"@type":"EntryPoint","urlTemplate":"https:\/\/www.janach.it\/?s={search_term_string}"},"query-input":{"@type":"PropertyValueSpecification","valueRequired":true,"valueName":"search_term_string"}}],"inLanguage":"it-IT"},{"@type":"Person","@id":"https:\/\/www.janach.it\/#\/schema\/person\/dc72ad89cf68e266bf196067b36baff5","name":"","image":{"@type":"ImageObject","inLanguage":"it-IT","@id":"https:\/\/secure.gravatar.com\/avatar\/4de533a217f0cf531336b286af1b19f20e42c8f89e711f08cb6b5cee81193f29?s=96&d=mm&r=g","url":"https:\/\/secure.gravatar.com\/avatar\/4de533a217f0cf531336b286af1b19f20e42c8f89e711f08cb6b5cee81193f29?s=96&d=mm&r=g","contentUrl":"https:\/\/secure.gravatar.com\/avatar\/4de533a217f0cf531336b286af1b19f20e42c8f89e711f08cb6b5cee81193f29?s=96&d=mm&r=g"},"url":"https:\/\/www.janach.it\/it\/author\/marketingjanach-it\/"}]}},"_links":{"self":[{"href":"https:\/\/www.janach.it\/it\/wp-json\/wp\/v2\/posts\/37029","targetHints":{"allow":["GET"]}}],"collection":[{"href":"https:\/\/www.janach.it\/it\/wp-json\/wp\/v2\/posts"}],"about":[{"href":"https:\/\/www.janach.it\/it\/wp-json\/wp\/v2\/types\/post"}],"author":[{"embeddable":true,"href":"https:\/\/www.janach.it\/it\/wp-json\/wp\/v2\/users\/3430"}],"replies":[{"embeddable":true,"href":"https:\/\/www.janach.it\/it\/wp-json\/wp\/v2\/comments?post=37029"}],"version-history":[{"count":9,"href":"https:\/\/www.janach.it\/it\/wp-json\/wp\/v2\/posts\/37029\/revisions"}],"predecessor-version":[{"id":37161,"href":"https:\/\/www.janach.it\/it\/wp-json\/wp\/v2\/posts\/37029\/revisions\/37161"}],"wp:featuredmedia":[{"embeddable":true,"href":"https:\/\/www.janach.it\/it\/wp-json\/wp\/v2\/media\/37037"}],"wp:attachment":[{"href":"https:\/\/www.janach.it\/it\/wp-json\/wp\/v2\/media?parent=37029"}],"wp:term":[{"taxonomy":"category","embeddable":true,"href":"https:\/\/www.janach.it\/it\/wp-json\/wp\/v2\/categories?post=37029"},{"taxonomy":"post_tag","embeddable":true,"href":"https:\/\/www.janach.it\/it\/wp-json\/wp\/v2\/tags?post=37029"}],"curies":[{"name":"wp","href":"https:\/\/api.w.org\/{rel}","templated":true}]}}